{"id":529,"date":"2015-11-18T12:37:10","date_gmt":"2015-11-18T12:37:10","guid":{"rendered":"http:\/\/suedosteuropaeische-hefte.org\/?p=529"},"modified":"2021-07-04T16:45:57","modified_gmt":"2021-07-04T16:45:57","slug":"verbindungen-zwischen-suedosteuropa-und-lateinamerika-suedosteuropaeische-hefte-jg-4-nr-2","status":"publish","type":"post","link":"https:\/\/suedosteuropaeische-hefte.org\/?p=529","title":{"rendered":"Verbindungen zwischen S\u00fcdosteuropa und Lateinamerika (=S\u00fcdosteurop\u00e4ische Hefte, Jg. 4, Nr. 2)"},"content":{"rendered":"<p style=\"text-align: left;\"><span style=\"color: #800000;\"><a style=\"color: #800000;\" href=\"https:\/\/suedosteuropaeische-hefte.org\/wp-content\/uploads\/2015\/11\/sh-4-2-editorial.pdf\" target=\"_blank\" rel=\"noopener\"><strong>Edito<\/strong><strong>r<\/strong><strong>ial<\/strong><\/a><a href=\"https:\/\/suedosteuropaeische-hefte.org\/wp-content\/uploads\/2015\/11\/sh-4-2.pdf\" target=\"_blank\" rel=\"noopener\"><strong><img loading=\"lazy\" decoding=\"async\" class=\"alignright size-thumbnail wp-image-383\" src=\"https:\/\/suedosteuropaeische-hefte.org\/wp-content\/uploads\/2015\/04\/sh41.jpg?w=107\" alt=\"SH41\" width=\"107\" height=\"150\" srcset=\"https:\/\/suedosteuropaeische-hefte.org\/wp-content\/uploads\/2015\/04\/sh41.jpg 933w, https:\/\/suedosteuropaeische-hefte.org\/wp-content\/uploads\/2015\/04\/sh41-213x300.jpg 213w, https:\/\/suedosteuropaeische-hefte.org\/wp-content\/uploads\/2015\/04\/sh41-728x1024.jpg 728w\" sizes=\"auto, (max-width: 107px) 100vw, 107px\" \/><\/strong><\/a><\/span><\/p>\n<p style=\"text-align: left;\"><span style=\"color: #800000;\"><strong>Thema<\/strong><\/span><\/p>\n<p style=\"padding-left: 30px; text-align: left;\"><strong>Andreas Guidi<\/strong><br \/>\n<strong><span style=\"color: #800000;\"><a style=\"color: #800000;\" href=\"https:\/\/suedosteuropaeische-hefte.org\/?p=494\">Patterns of Jewish mobility between Rhodes and Buenos Aires (1905-1948)<\/a><\/span><br \/>\n<\/strong><\/p>\n<p style=\"padding-left: 30px; text-align: left;\"><strong>Rinna Kullaa &amp; Michelle Getchell<\/strong><br \/>\n<span style=\"color: #800000;\"><strong><a style=\"color: #800000;\" href=\"https:\/\/suedosteuropaeische-hefte.org\/?p=500\">Endeavors to Make Global Connections. Latin American Contacts and Strategies with Mediterranean Non-Alignment in the Early Cold War<\/a><\/strong><\/span><\/p>\n<p style=\"padding-left: 30px; text-align: left;\"><strong>Ana Rajkovi\u0107<\/strong><br \/>\n<span style=\"color: #800000;\"><strong><a style=\"color: #800000;\" href=\"https:\/\/suedosteuropaeische-hefte.org\/?p=503\">Opposing the Policy of the Twenty-First Century Socialism in Bolivia. The Political Activities of Branko Marinkovi\u0107<\/a><\/strong><\/span><\/p>\n<p style=\"padding-left: 30px; text-align: left;\"><strong>Klaus Buchenau<\/strong><br \/>\n<span style=\"color: #800000;\"><strong><a style=\"color: #800000;\" href=\"https:\/\/suedosteuropaeische-hefte.org\/?p=507\">S\u00fcdosteuropa und Lateinamerika \u2013 fern und nah. Unterschiedliche Wege zur Staatsbildung und ihre Folgen<\/a><\/strong><\/span><\/p>\n<p style=\"text-align: left;\"><span style=\"color: #800000;\"><strong>Aus der S\u00fcdosteuropaforschung<\/strong><\/span><\/p>\n<p style=\"padding-left: 30px; text-align: left;\"><strong>Emma Burgham<\/strong><br \/>\n<strong><span style=\"color: #800000;\"><a style=\"color: #800000;\" href=\"https:\/\/suedosteuropaeische-hefte.org\/?p=509\">The Eleventh Hour. Dimitrije Mitrinovi\u0107 and his Network. Proceedings of a Symposium at the University of Bradford<\/a><\/span><br \/>\n<\/strong><\/p>\n<p style=\"padding-left: 30px; text-align: left;\"><span style=\"color: #000000;\"><a style=\"color: #000000;\" href=\"https:\/\/suedosteuropaeische-hefte.org\/wp-content\/uploads\/2015\/11\/sh-4-2-nachrufe.pdf\" target=\"_blank\" rel=\"noopener\"><strong>Nachrufe auf Holm Sundhaussen<\/strong><\/a><\/span><\/p>\n<p style=\"text-align: left;\"><span style=\"color: #800000;\"><strong>Beitr\u00e4ge<\/strong><\/span><\/p>\n<p style=\"padding-left: 30px; text-align: left;\"><strong>\u0110or\u0111e Tomi\u0107 &amp; Stefan Pavleski<\/strong><br \/>\n<strong><span style=\"color: #800000;\"><a style=\"color: #800000;\" href=\"https:\/\/suedosteuropaeische-hefte.org\/?p=511\">Das werkt\u00e4tige Volk ohne Arbeit. Arbeitslosigkeit und Selbstverwaltung im sozialistischen Jugoslawien als Forschungsgegenstand: Eine kritische Bestandsaufnahme<\/a><\/span><br \/>\n<\/strong><\/p>\n<p style=\"padding-left: 30px; text-align: left;\"><strong><strong>\u0110or\u0111e Tomi\u0107, Carolin Leutloff-Grandits &amp; Gal Kirn<\/strong><br \/>\n<span style=\"color: #800000;\"><strong><a style=\"color: #800000;\" href=\"https:\/\/suedosteuropaeische-hefte.org\/?p=513\">Innovationspotential in Bewegung? Europa zwischen Mobilit\u00e4t und Migration: Eine Projektskizze<\/a><\/strong><\/span><\/strong><\/p>\n<p style=\"text-align: left;\"><span style=\"color: #800000;\"><strong><a style=\"color: #800000;\" href=\"https:\/\/suedosteuropaeische-hefte.org\/wp-content\/uploads\/2015\/11\/sh-4-2-neuerscheinungen.pdf\" target=\"_blank\" rel=\"noopener\">Neuerscheinungen<\/a><\/strong><strong>\u00a0\u00a0 \u00a0<\/strong><\/span><\/p>\n<p style=\"text-align: left;\"><span style=\"color: #800000;\"><strong><a style=\"color: #800000;\" href=\"https:\/\/suedosteuropaeische-hefte.org\/?p=517\">Autor_innen<\/a><\/strong><\/span><\/p>\n<p><strong><span style=\"color: #800000;\"><a style=\"color: #800000;\" href=\"https:\/\/suedosteuropaeische-hefte.org\/wp-content\/uploads\/2015\/11\/sh-4-2.pdf\" target=\"_blank\" rel=\"noopener\">D o w n l o a d<\/a><\/span>\u00a0 der\u00a0 gesamten Ausgabe als pdf-Datei. <\/strong><a href=\"https:\/\/suedosteuropaeische-hefte.org\/wp-content\/uploads\/2015\/11\/sh-4-2.pdf\" target=\"_blank\" rel=\"noopener\"><img loading=\"lazy\" decoding=\"async\" class=\"alignnone\" title=\"Gesamte Ausgabe\" src=\"https:\/\/suedosteuropaeische-hefte.org\/wp-content\/uploads\/2012\/09\/pdf.png?w=30&amp;h=32\" alt=\"\" width=\"30\" height=\"32\" \/><\/a><\/p>\n","protected":false},"excerpt":{"rendered":"<p>Editorial Thema Andreas Guidi Patterns of Jewish mobility between Rhodes and Buenos Aires (1905-1948) Rinna Kullaa &amp; Michelle Getchell Endeavors to Make Global Connections. Latin American Contacts and Strategies with Mediterranean Non-Alignment in the Early Cold War Ana Rajkovi\u0107 Opposing the Policy of the Twenty-First Century Socialism in Bolivia. The Political Activities of Branko Marinkovi\u0107 &hellip; <a href=\"https:\/\/suedosteuropaeische-hefte.org\/?p=529\" class=\"more-link\"><span class=\"screen-reader-text\">Verbindungen zwischen S\u00fcdosteuropa und Lateinamerika (=S\u00fcdosteurop\u00e4ische Hefte, Jg. 4, Nr. 2)<\/span> weiterlesen <span class=\"meta-nav\">&rarr;<\/span><\/a><\/p>\n","protected":false},"author":1,"featured_media":0,"comment_status":"closed","ping_status":"closed","sticky":false,"template":"","format":"image","meta":{"footnotes":""},"categories":[11],"tags":[],"class_list":["post-529","post","type-post","status-publish","format-image","hentry","category-jg-4-nr-1","post_format-post-format-image"],"_links":{"self":[{"href":"https:\/\/suedosteuropaeische-hefte.org\/index.php?rest_route=\/wp\/v2\/posts\/529","targetHints":{"allow":["GET"]}}],"collection":[{"href":"https:\/\/suedosteuropaeische-hefte.org\/index.php?rest_route=\/wp\/v2\/posts"}],"about":[{"href":"https:\/\/suedosteuropaeische-hefte.org\/index.php?rest_route=\/wp\/v2\/types\/post"}],"author":[{"embeddable":true,"href":"https:\/\/suedosteuropaeische-hefte.org\/index.php?rest_route=\/wp\/v2\/users\/1"}],"replies":[{"embeddable":true,"href":"https:\/\/suedosteuropaeische-hefte.org\/index.php?rest_route=%2Fwp%2Fv2%2Fcomments&post=529"}],"version-history":[{"count":3,"href":"https:\/\/suedosteuropaeische-hefte.org\/index.php?rest_route=\/wp\/v2\/posts\/529\/revisions"}],"predecessor-version":[{"id":957,"href":"https:\/\/suedosteuropaeische-hefte.org\/index.php?rest_route=\/wp\/v2\/posts\/529\/revisions\/957"}],"wp:attachment":[{"href":"https:\/\/suedosteuropaeische-hefte.org\/index.php?rest_route=%2Fwp%2Fv2%2Fmedia&parent=529"}],"wp:term":[{"taxonomy":"category","embeddable":true,"href":"https:\/\/suedosteuropaeische-hefte.org\/index.php?rest_route=%2Fwp%2Fv2%2Fcategories&post=529"},{"taxonomy":"post_tag","embeddable":true,"href":"https:\/\/suedosteuropaeische-hefte.org\/index.php?rest_route=%2Fwp%2Fv2%2Ftags&post=529"}],"curies":[{"name":"wp","href":"https:\/\/api.w.org\/{rel}","templated":true}]}}